{"id":3908,"date":"2025-02-27T21:12:00","date_gmt":"2025-02-27T19:12:00","guid":{"rendered":"https:\/\/santamonica.lv\/dzimumzimes-un-adas-vezis\/"},"modified":"2025-04-04T23:47:20","modified_gmt":"2025-04-04T20:47:20","slug":"mullvadar-och-hudcancer","status":"publish","type":"post","link":"https:\/\/santamonica.lv\/sv\/mullvadar-och-hudcancer\/","title":{"rendered":"\u00c4r mullvadar ett tecken p\u00e5 hudcancer?"},"content":{"rendered":"\n<p><strong>F\u00f6delsem\u00e4rken, \u00e4ven k\u00e4nd som mullvadar, \u00e4r vanliga hudtillv\u00e4xter som kan variera i f\u00e4rg fr\u00e5n brunt till svart. De kan vara platta eller kr\u00f6kta och bildas n\u00e4r hudceller som producerar pigment (melanin) delar sig f\u00f6r mycket. De flesta mullvadar \u00e4r godartade och utg\u00f6r inga h\u00e4lsorisker. Det \u00e4r dock viktigt att notera att vissa mullvadar kan indikera en \u00f6kad risk f\u00f6r hudcancer, s\u00e4rskilt melanom, den farligaste typen av hudcancer.<\/strong><\/p>\n\n\n<style>.kb-image3908_64efa4-92 .kb-image-has-overlay:after{opacity:0.3;}<\/style>\n<figure class=\"wp-block-kadence-image kb-image3908_64efa4-92 size-large\"><img loading=\"lazy\" decoding=\"async\" width=\"1024\" height=\"419\" src=\"https:\/\/santamonica.lv\/wp-content\/uploads\/2025\/02\/adas-vezis-img-1024x419.jpg\" alt=\"\" class=\"kb-img wp-image-3286\" srcset=\"https:\/\/santamonica.lv\/wp-content\/uploads\/2025\/02\/adas-vezis-img-1024x419.jpg 1024w, https:\/\/santamonica.lv\/wp-content\/uploads\/2025\/02\/adas-vezis-img-300x123.jpg 300w, https:\/\/santamonica.lv\/wp-content\/uploads\/2025\/02\/adas-vezis-img-768x314.jpg 768w, https:\/\/santamonica.lv\/wp-content\/uploads\/2025\/02\/adas-vezis-img-600x245.jpg 600w, https:\/\/santamonica.lv\/wp-content\/uploads\/2025\/02\/adas-vezis-img.jpg 1061w\" sizes=\"auto, (max-width: 1024px) 100vw, 1024px\" \/><\/figure>\n\n\n\n<h2 class=\"wp-block-heading\">1. Vad \u00e4r sambandet mellan f\u00f6delsem\u00e4rken och cancer?<\/h2>\n\n\n\n<p>F\u00f6delsem\u00e4rken kan associeras med typer av hudcancer, fr\u00e4mst melanom, som utvecklas i melanocyter, de hudceller som producerar pigment. Om en mullvad blir atypisk eller en ny mullvad dyker upp i vuxen \u00e5lder kan det tyda p\u00e5 risk f\u00f6r melanom. Det \u00e4r ocks\u00e5 v\u00e4rt att notera att faktorer som genetisk predisposition, UV-str\u00e5lning, antalet och storleken av mullvadar p\u00e5 huden \u00f6kar risken f\u00f6r melanom.<\/p>\n\n\n\n<p><strong>Viktigt:<\/strong> Alla mullvadar \u00e4r inte farliga och alla mullvadar tyder inte p\u00e5 utvecklingen av cancer. Det finns dock n\u00e5gra k\u00e4nda faktorer som kan indikera en \u00f6kad risk, och det \u00e4r viktigt att regelbundet \u00f6vervaka mullvadar f\u00f6r eventuella f\u00f6r\u00e4ndringar.<\/p>\n\n\n\n<h2 class=\"wp-block-heading\">2. Vilka \u00e4r de viktigaste varningstecknen?<\/h2>\n\n\n\n<p>L\u00e4kare anv\u00e4nder &#8221;ABCDE&#8221;-regeln f\u00f6r att hj\u00e4lpa m\u00e4nniskor att avg\u00f6ra om mullvadar kan vara tecken p\u00e5 cancer:<\/p>\n\n\n\n<p><strong>A &#8211; Asymmetri: <\/strong>Om en sida av mullvad skiljer sig fr\u00e5n den andra kan det vara ett misst\u00e4nkt tecken eftersom mullvad \u00e4r atypisk.<\/p>\n\n\n\n<p><strong>B &#8211; Kanter: <\/strong>Otydliga, oregelbundna eller otydliga kanter p\u00e5 en mullvad kan indikera utveckling av cancer.<\/p>\n\n\n\n<p><strong>C &#8211; F\u00e4rg:<\/strong> F\u00f6delsem\u00e4rken med oj\u00e4mn f\u00e4rg eller olika f\u00e4rger (svart, brun, r\u00f6d, bl\u00e5) kan vara misst\u00e4nkt.<\/p>\n\n\n\n<p><strong>D &#8211; Diameter: <\/strong>Om en mullvad \u00e4r st\u00f6rre \u00e4n 6 mm i diameter (ungef\u00e4r lika stor som en valn\u00f6t) kan det vara ett tecken p\u00e5 cancerrisk.<\/p>\n\n\n\n<p><strong>E &#8211; F\u00f6r\u00e4ndringar:<\/strong> Om en mullvad \u00e4ndrar form, f\u00e4rg eller storlek b\u00f6r den betraktas som ett varningstecken.<\/p>\n\n\n\n<p>Ut\u00f6ver dessa faktorer \u00e4r det viktigt att vara noga uppm\u00e4rksam om mullvad b\u00f6rjar bl\u00f6da, kliar eller g\u00f6r ont. Om n\u00e5gra s\u00e5dana f\u00f6r\u00e4ndringar intr\u00e4ffar, rekommenderas att du omedelbart konsulterar en l\u00e4kare.<\/p>\n\n\n\n<h2 class=\"wp-block-heading\">3. Vilka \u00e4r de faktorer som \u00f6kar risken f\u00f6r cancer i samband med mullvadar?<\/h2>\n\n\n\n<p><strong>Genetisk predisposition: <\/strong>M\u00e4nniskor som har en familjehistoria av melanom (den mest aggressiva typen av hudcancer) l\u00f6per h\u00f6gre risk att utveckla det.<\/p>\n\n\n\n<p><strong>Regelbunden \u00f6vervakning av f\u00f6delsem\u00e4rken rekommenderas om:<\/strong><\/p>\n\n\n\n<ul class=\"wp-block-list\">\n<li>Du har m\u00e5nga f\u00f6delsem\u00e4rken (mer \u00e4n 50 f\u00f6delsem\u00e4rken p\u00e5 kroppen).<\/li>\n\n\n\n<li>Du har en stor eller dysplastisk (onormal) mullvad.<\/li>\n\n\n\n<li>Du har ljus hud som \u00e4r mottaglig f\u00f6r solbr\u00e4nna.<\/li>\n\n\n\n<li>Du har haft m\u00e5nga solbr\u00e4nna, s\u00e4rskilt som barn.<\/li>\n\n\n\n<li>Du uts\u00e4tts f\u00f6r l\u00e5ngvarig UV-str\u00e5lning, till exempel genom att regelbundet anv\u00e4nda solarier.<\/li>\n<\/ul>\n\n\n\n<h2 class=\"wp-block-heading\">4. Hur diagnostiseras och behandlas f\u00f6delsem\u00e4rken?<\/h2>\n\n\n\n<p>Om det misst\u00e4nks att mullvad kan vara elakartad kommer l\u00e4karen att utf\u00f6ra en dermatoskopi &#8211; en hudunders\u00f6kning med en speciell anordning som f\u00f6rstorar bilden och m\u00f6jligg\u00f6r en noggrann unders\u00f6kning av mullvadens struktur. Vid behov kan en biopsi g\u00f6ras, d\u00e4r ett litet prov av v\u00e4vnad tas f\u00f6r att unders\u00f6kas i mikroskop f\u00f6r att bekr\u00e4fta eller utesluta f\u00f6rekomst av cancer.<\/p>\n\n\n\n<p>Om melanom eller annan malign hudsjukdom diagnostiseras inneb\u00e4r behandlingen vanligtvis operation. Mer allvarliga fall kan kr\u00e4va kemoterapi, str\u00e5lbehandling eller immunterapi.<\/p>\n\n\n\n<h2 class=\"wp-block-heading\">5. Hur minskar man risken f\u00f6r hudcancer?<\/h2>\n\n\n\n<p><strong>Var f\u00f6rsiktig med UV-str\u00e5lning:<\/strong> H\u00e5ll dig borta fr\u00e5n direkt solljus, b\u00e4r hatt, l\u00e4tta, icke-syntetiska kl\u00e4der, anv\u00e4nd solskyddsmedel.<\/p>\n\n\n\n<p><strong>Undvik solarier:<\/strong> Att anv\u00e4nda solarier \u00f6kar risken f\u00f6r hudcancer.<\/p>\n\n\n\n<p><strong>Kontrollera mullvadar regelbundet:<\/strong> G\u00f6r en sj\u00e4lvunders\u00f6kning f\u00f6r att uppt\u00e4cka f\u00f6r\u00e4ndringar i f\u00f6delsem\u00e4rken tidigt och se en l\u00e4kare omedelbart.<\/p>\n\n\n\n<p>En diagnos av &#8221;cancer&#8221; ska inte vara en bed\u00f6mning. Det ska ist\u00e4llet vara utg\u00e5ngspunkten f\u00f6r en v\u00e4g till f\u00f6rst\u00e5else och behandling utifr\u00e5n de b\u00e4sta alternativen f\u00f6r den enskilda patienten, b\u00e5de fysiskt och psykiskt. \ud83c\udf3f<\/p>\n\n\n\n<p>\ud83d\udcde Mer information och ans\u00f6kan om konsultation: <a href=\"tel:+37127337768\">+371 27 337 768<\/a><\/p>\n\n\n<style>.wp-block-kadence-advancedbtn.kb-btns3908_5f0417-14{gap:var(--global-kb-gap-xs, 0.5rem );justify-content:flex-start;align-items:center;}.kt-btns3908_5f0417-14 .kt-button{font-weight:normal;font-style:normal;}.kt-btns3908_5f0417-14 .kt-btn-wrap-0{margin-right:5px;}.wp-block-kadence-advancedbtn.kt-btns3908_5f0417-14 .kt-btn-wrap-0 .kt-button{color:#555555;border-color:#555555;}.wp-block-kadence-advancedbtn.kt-btns3908_5f0417-14 .kt-btn-wrap-0 .kt-button:hover, .wp-block-kadence-advancedbtn.kt-btns3908_5f0417-14 .kt-btn-wrap-0 .kt-button:focus{color:#ffffff;border-color:#444444;}.wp-block-kadence-advancedbtn.kt-btns3908_5f0417-14 .kt-btn-wrap-0 .kt-button::before{display:none;}.wp-block-kadence-advancedbtn.kt-btns3908_5f0417-14 .kt-btn-wrap-0 .kt-button:hover, .wp-block-kadence-advancedbtn.kt-btns3908_5f0417-14 .kt-btn-wrap-0 .kt-button:focus{background:#444444;}<\/style>\n<div class=\"wp-block-kadence-advancedbtn kb-buttons-wrap kb-btns3908_5f0417-14\"><style>ul.menu .wp-block-kadence-advancedbtn .kb-btn3908_ee9a73-03.kb-button{width:initial;}<\/style><a class=\"kb-button kt-button button kb-btn3908_ee9a73-03 kt-btn-size-standard kt-btn-width-type-auto kb-btn-global-inherit  kt-btn-has-text-true kt-btn-has-svg-false  wp-block-button__link wp-block-kadence-singlebtn\" href=\"https:\/\/santamonica.lv\/pieteikties-vizitei\/\"><span class=\"kt-btn-inner-text\">Ans\u00f6k om bes\u00f6k<\/span><\/a><\/div>\n","protected":false},"excerpt":{"rendered":"<p>F\u00f6delsem\u00e4rken, \u00e4ven k\u00e4nd som mullvadar, \u00e4r vanliga hudtillv\u00e4xter som kan variera i f\u00e4rg fr\u00e5n brunt till svart&#8230;.<\/p>\n","protected":false},"author":1,"featured_media":3291,"comment_status":"closed","ping_status":"open","sticky":false,"template":"","format":"standard","meta":{"_acf_changed":false,"_uag_custom_page_level_css":"","_kadence_starter_templates_imported_post":false,"_kad_post_transparent":"","_kad_post_title":"","_kad_post_layout":"","_kad_post_sidebar_id":"","_kad_post_content_style":"","_kad_post_vertical_padding":"","_kad_post_feature":"","_kad_post_feature_position":"","_kad_post_header":false,"_kad_post_footer":false,"footnotes":""},"categories":[54],"class_list":["post-3908","post","type-post","status-publish","format-standard","has-post-thumbnail","hentry","category-okategoriserad"],"acf":[],"yoast_head":"<!-- This site is optimized with the Yoast SEO plugin v26.4 - https:\/\/yoast.com\/wordpress\/plugins\/seo\/ -->\n<title>\u00c4r mullvadar ett tecken p\u00e5 hudcancer? - Santa Monica<\/title>\n<meta name=\"robots\" content=\"index, follow, max-snippet:-1, max-image-preview:large, max-video-preview:-1\" \/>\n<link rel=\"canonical\" href=\"https:\/\/santamonica.lv\/sv\/mullvadar-och-hudcancer\/\" \/>\n<meta property=\"og:locale\" content=\"sv_SE\" \/>\n<meta property=\"og:type\" content=\"article\" \/>\n<meta property=\"og:title\" content=\"\u00c4r mullvadar ett tecken p\u00e5 hudcancer? - Santa Monica\" \/>\n<meta property=\"og:description\" content=\"F\u00f6delsem\u00e4rken, \u00e4ven k\u00e4nd som mullvadar, \u00e4r vanliga hudtillv\u00e4xter som kan variera i f\u00e4rg fr\u00e5n brunt till svart....\" \/>\n<meta property=\"og:url\" content=\"https:\/\/santamonica.lv\/sv\/mullvadar-och-hudcancer\/\" \/>\n<meta property=\"og:site_name\" content=\"Santa Monica\" \/>\n<meta property=\"article:publisher\" content=\"https:\/\/www.facebook.com\/klinikasantamonica\" \/>\n<meta property=\"article:published_time\" content=\"2025-02-27T19:12:00+00:00\" \/>\n<meta property=\"article:modified_time\" content=\"2025-04-04T20:47:20+00:00\" \/>\n<meta property=\"og:image\" content=\"https:\/\/santamonica.lv\/wp-content\/uploads\/2025\/02\/adas-vezis-img.jpg\" \/>\n\t<meta property=\"og:image:width\" content=\"1061\" \/>\n\t<meta property=\"og:image:height\" content=\"434\" \/>\n\t<meta property=\"og:image:type\" content=\"image\/jpeg\" \/>\n<meta name=\"author\" content=\"admin\" \/>\n<meta name=\"twitter:card\" content=\"summary_large_image\" \/>\n<meta name=\"twitter:label1\" content=\"Written by\" \/>\n\t<meta name=\"twitter:data1\" content=\"admin\" \/>\n\t<meta name=\"twitter:label2\" content=\"Est. reading time\" \/>\n\t<meta name=\"twitter:data2\" content=\"4 minuter\" \/>\n<script type=\"application\/ld+json\" class=\"yoast-schema-graph\">{\"@context\":\"https:\/\/schema.org\",\"@graph\":[{\"@type\":\"WebPage\",\"@id\":\"https:\/\/santamonica.lv\/sv\/mullvadar-och-hudcancer\/\",\"url\":\"https:\/\/santamonica.lv\/sv\/mullvadar-och-hudcancer\/\",\"name\":\"\u00c4r mullvadar ett tecken p\u00e5 hudcancer? - Santa Monica\",\"isPartOf\":{\"@id\":\"https:\/\/santamonica.lv\/sv\/#website\"},\"primaryImageOfPage\":{\"@id\":\"https:\/\/santamonica.lv\/sv\/mullvadar-och-hudcancer\/#primaryimage\"},\"image\":{\"@id\":\"https:\/\/santamonica.lv\/sv\/mullvadar-och-hudcancer\/#primaryimage\"},\"thumbnailUrl\":\"https:\/\/santamonica.lv\/wp-content\/uploads\/2025\/02\/adas-vezis-img.jpg\",\"datePublished\":\"2025-02-27T19:12:00+00:00\",\"dateModified\":\"2025-04-04T20:47:20+00:00\",\"author\":{\"@id\":\"https:\/\/santamonica.lv\/sv\/#\/schema\/person\/6c6b52e784c274a9d91e966c008f6ad9\"},\"breadcrumb\":{\"@id\":\"https:\/\/santamonica.lv\/sv\/mullvadar-och-hudcancer\/#breadcrumb\"},\"inLanguage\":\"sv-SE\",\"potentialAction\":[{\"@type\":\"ReadAction\",\"target\":[\"https:\/\/santamonica.lv\/sv\/mullvadar-och-hudcancer\/\"]}]},{\"@type\":\"ImageObject\",\"inLanguage\":\"sv-SE\",\"@id\":\"https:\/\/santamonica.lv\/sv\/mullvadar-och-hudcancer\/#primaryimage\",\"url\":\"https:\/\/santamonica.lv\/wp-content\/uploads\/2025\/02\/adas-vezis-img.jpg\",\"contentUrl\":\"https:\/\/santamonica.lv\/wp-content\/uploads\/2025\/02\/adas-vezis-img.jpg\",\"width\":1061,\"height\":434},{\"@type\":\"BreadcrumbList\",\"@id\":\"https:\/\/santamonica.lv\/sv\/mullvadar-och-hudcancer\/#breadcrumb\",\"itemListElement\":[{\"@type\":\"ListItem\",\"position\":1,\"name\":\"Home\",\"item\":\"https:\/\/santamonica.lv\/sv\/borjan\/\"},{\"@type\":\"ListItem\",\"position\":2,\"name\":\"\u00c4r mullvadar ett tecken p\u00e5 hudcancer?\"}]},{\"@type\":\"WebSite\",\"@id\":\"https:\/\/santamonica.lv\/sv\/#website\",\"url\":\"https:\/\/santamonica.lv\/sv\/\",\"name\":\"Santa Monica\",\"description\":\"\",\"potentialAction\":[{\"@type\":\"SearchAction\",\"target\":{\"@type\":\"EntryPoint\",\"urlTemplate\":\"https:\/\/santamonica.lv\/sv\/?s={search_term_string}\"},\"query-input\":{\"@type\":\"PropertyValueSpecification\",\"valueRequired\":true,\"valueName\":\"search_term_string\"}}],\"inLanguage\":\"sv-SE\"},{\"@type\":\"Person\",\"@id\":\"https:\/\/santamonica.lv\/sv\/#\/schema\/person\/6c6b52e784c274a9d91e966c008f6ad9\",\"name\":\"admin\",\"image\":{\"@type\":\"ImageObject\",\"inLanguage\":\"sv-SE\",\"@id\":\"https:\/\/santamonica.lv\/sv\/#\/schema\/person\/image\/\",\"url\":\"https:\/\/secure.gravatar.com\/avatar\/79c82cd9901ae133b28dd86ee24818b30f82290a6b4c11773d70f3e8d8d9a16b?s=96&d=mm&r=g\",\"contentUrl\":\"https:\/\/secure.gravatar.com\/avatar\/79c82cd9901ae133b28dd86ee24818b30f82290a6b4c11773d70f3e8d8d9a16b?s=96&d=mm&r=g\",\"caption\":\"admin\"},\"sameAs\":[\"http:\/\/santamonica.lv\"],\"url\":\"https:\/\/santamonica.lv\/sv\/author\/admin\/\"}]}<\/script>\n<!-- \/ Yoast SEO plugin. -->","yoast_head_json":{"title":"\u00c4r mullvadar ett tecken p\u00e5 hudcancer? - Santa Monica","robots":{"index":"index","follow":"follow","max-snippet":"max-snippet:-1","max-image-preview":"max-image-preview:large","max-video-preview":"max-video-preview:-1"},"canonical":"https:\/\/santamonica.lv\/sv\/mullvadar-och-hudcancer\/","og_locale":"sv_SE","og_type":"article","og_title":"\u00c4r mullvadar ett tecken p\u00e5 hudcancer? - Santa Monica","og_description":"F\u00f6delsem\u00e4rken, \u00e4ven k\u00e4nd som mullvadar, \u00e4r vanliga hudtillv\u00e4xter som kan variera i f\u00e4rg fr\u00e5n brunt till svart....","og_url":"https:\/\/santamonica.lv\/sv\/mullvadar-och-hudcancer\/","og_site_name":"Santa Monica","article_publisher":"https:\/\/www.facebook.com\/klinikasantamonica","article_published_time":"2025-02-27T19:12:00+00:00","article_modified_time":"2025-04-04T20:47:20+00:00","og_image":[{"width":1061,"height":434,"url":"https:\/\/santamonica.lv\/wp-content\/uploads\/2025\/02\/adas-vezis-img.jpg","type":"image\/jpeg"}],"author":"admin","twitter_card":"summary_large_image","twitter_misc":{"Written by":"admin","Est. reading time":"4 minuter"},"schema":{"@context":"https:\/\/schema.org","@graph":[{"@type":"WebPage","@id":"https:\/\/santamonica.lv\/sv\/mullvadar-och-hudcancer\/","url":"https:\/\/santamonica.lv\/sv\/mullvadar-och-hudcancer\/","name":"\u00c4r mullvadar ett tecken p\u00e5 hudcancer? - Santa Monica","isPartOf":{"@id":"https:\/\/santamonica.lv\/sv\/#website"},"primaryImageOfPage":{"@id":"https:\/\/santamonica.lv\/sv\/mullvadar-och-hudcancer\/#primaryimage"},"image":{"@id":"https:\/\/santamonica.lv\/sv\/mullvadar-och-hudcancer\/#primaryimage"},"thumbnailUrl":"https:\/\/santamonica.lv\/wp-content\/uploads\/2025\/02\/adas-vezis-img.jpg","datePublished":"2025-02-27T19:12:00+00:00","dateModified":"2025-04-04T20:47:20+00:00","author":{"@id":"https:\/\/santamonica.lv\/sv\/#\/schema\/person\/6c6b52e784c274a9d91e966c008f6ad9"},"breadcrumb":{"@id":"https:\/\/santamonica.lv\/sv\/mullvadar-och-hudcancer\/#breadcrumb"},"inLanguage":"sv-SE","potentialAction":[{"@type":"ReadAction","target":["https:\/\/santamonica.lv\/sv\/mullvadar-och-hudcancer\/"]}]},{"@type":"ImageObject","inLanguage":"sv-SE","@id":"https:\/\/santamonica.lv\/sv\/mullvadar-och-hudcancer\/#primaryimage","url":"https:\/\/santamonica.lv\/wp-content\/uploads\/2025\/02\/adas-vezis-img.jpg","contentUrl":"https:\/\/santamonica.lv\/wp-content\/uploads\/2025\/02\/adas-vezis-img.jpg","width":1061,"height":434},{"@type":"BreadcrumbList","@id":"https:\/\/santamonica.lv\/sv\/mullvadar-och-hudcancer\/#breadcrumb","itemListElement":[{"@type":"ListItem","position":1,"name":"Home","item":"https:\/\/santamonica.lv\/sv\/borjan\/"},{"@type":"ListItem","position":2,"name":"\u00c4r mullvadar ett tecken p\u00e5 hudcancer?"}]},{"@type":"WebSite","@id":"https:\/\/santamonica.lv\/sv\/#website","url":"https:\/\/santamonica.lv\/sv\/","name":"Santa Monica","description":"","potentialAction":[{"@type":"SearchAction","target":{"@type":"EntryPoint","urlTemplate":"https:\/\/santamonica.lv\/sv\/?s={search_term_string}"},"query-input":{"@type":"PropertyValueSpecification","valueRequired":true,"valueName":"search_term_string"}}],"inLanguage":"sv-SE"},{"@type":"Person","@id":"https:\/\/santamonica.lv\/sv\/#\/schema\/person\/6c6b52e784c274a9d91e966c008f6ad9","name":"admin","image":{"@type":"ImageObject","inLanguage":"sv-SE","@id":"https:\/\/santamonica.lv\/sv\/#\/schema\/person\/image\/","url":"https:\/\/secure.gravatar.com\/avatar\/79c82cd9901ae133b28dd86ee24818b30f82290a6b4c11773d70f3e8d8d9a16b?s=96&d=mm&r=g","contentUrl":"https:\/\/secure.gravatar.com\/avatar\/79c82cd9901ae133b28dd86ee24818b30f82290a6b4c11773d70f3e8d8d9a16b?s=96&d=mm&r=g","caption":"admin"},"sameAs":["http:\/\/santamonica.lv"],"url":"https:\/\/santamonica.lv\/sv\/author\/admin\/"}]}},"uagb_featured_image_src":{"full":["https:\/\/santamonica.lv\/wp-content\/uploads\/2025\/02\/adas-vezis-img.jpg",1061,434,false],"thumbnail":["https:\/\/santamonica.lv\/wp-content\/uploads\/2025\/02\/adas-vezis-img-150x150.jpg",150,150,true],"medium":["https:\/\/santamonica.lv\/wp-content\/uploads\/2025\/02\/adas-vezis-img-300x123.jpg",300,123,true],"medium_large":["https:\/\/santamonica.lv\/wp-content\/uploads\/2025\/02\/adas-vezis-img-768x314.jpg",768,314,true],"large":["https:\/\/santamonica.lv\/wp-content\/uploads\/2025\/02\/adas-vezis-img-1024x419.jpg",1024,419,true],"1536x1536":["https:\/\/santamonica.lv\/wp-content\/uploads\/2025\/02\/adas-vezis-img.jpg",1061,434,false],"2048x2048":["https:\/\/santamonica.lv\/wp-content\/uploads\/2025\/02\/adas-vezis-img.jpg",1061,434,false],"woocommerce_thumbnail":["https:\/\/santamonica.lv\/wp-content\/uploads\/2025\/02\/adas-vezis-img-300x300.jpg",300,300,true],"woocommerce_single":["https:\/\/santamonica.lv\/wp-content\/uploads\/2025\/02\/adas-vezis-img-600x245.jpg",600,245,true],"woocommerce_gallery_thumbnail":["https:\/\/santamonica.lv\/wp-content\/uploads\/2025\/02\/adas-vezis-img-100x100.jpg",100,100,true]},"uagb_author_info":{"display_name":"admin","author_link":"https:\/\/santamonica.lv\/sv\/author\/admin\/"},"uagb_comment_info":0,"uagb_excerpt":"F\u00f6delsem\u00e4rken, \u00e4ven k\u00e4nd som mullvadar, \u00e4r vanliga hudtillv\u00e4xter som kan variera i f\u00e4rg fr\u00e5n brunt till svart....","_links":{"self":[{"href":"https:\/\/santamonica.lv\/sv\/wp-json\/wp\/v2\/posts\/3908","targetHints":{"allow":["GET"]}}],"collection":[{"href":"https:\/\/santamonica.lv\/sv\/wp-json\/wp\/v2\/posts"}],"about":[{"href":"https:\/\/santamonica.lv\/sv\/wp-json\/wp\/v2\/types\/post"}],"author":[{"embeddable":true,"href":"https:\/\/santamonica.lv\/sv\/wp-json\/wp\/v2\/users\/1"}],"replies":[{"embeddable":true,"href":"https:\/\/santamonica.lv\/sv\/wp-json\/wp\/v2\/comments?post=3908"}],"version-history":[{"count":1,"href":"https:\/\/santamonica.lv\/sv\/wp-json\/wp\/v2\/posts\/3908\/revisions"}],"predecessor-version":[{"id":3910,"href":"https:\/\/santamonica.lv\/sv\/wp-json\/wp\/v2\/posts\/3908\/revisions\/3910"}],"wp:featuredmedia":[{"embeddable":true,"href":"https:\/\/santamonica.lv\/sv\/wp-json\/wp\/v2\/media\/3291"}],"wp:attachment":[{"href":"https:\/\/santamonica.lv\/sv\/wp-json\/wp\/v2\/media?parent=3908"}],"wp:term":[{"taxonomy":"category","embeddable":true,"href":"https:\/\/santamonica.lv\/sv\/wp-json\/wp\/v2\/categories?post=3908"}],"curies":[{"name":"wp","href":"https:\/\/api.w.org\/{rel}","templated":true}]}}